{"id":1653,"date":"2026-08-18T16:46:59","date_gmt":"2026-08-18T16:46:59","guid":{"rendered":"https:\/\/www.ccen.ufpb.br\/profqui\/?p=1653"},"modified":"2026-08-18T16:46:59","modified_gmt":"2026-08-18T16:46:59","slug":"processo-seletivo-2026-turma-2027","status":"publish","type":"post","link":"https:\/\/www.ccen.ufpb.br\/profqui\/2026\/08\/18\/processo-seletivo-2026-turma-2027\/","title":{"rendered":"PROCESSO SELETIVO 2026 &#8211; TURMA 2027"},"content":{"rendered":"<div id=\"pl-1653\"  class=\"panel-layout\" ><div id=\"pg-1653-0\"  class=\"panel-grid panel-no-style\" ><div id=\"pgc-1653-0-0\"  class=\"panel-grid-cell\" ><div id=\"panel-1653-0-0-0\" class=\"so-panel widget widget_sow-editor panel-first-child panel-last-child\" data-index=\"0\" ><div\n\t\t\t\n\t\t\tclass=\"so-widget-sow-editor so-widget-sow-editor-base\"\n\t\t\t\n\t\t>\n<div class=\"siteorigin-widget-tinymce textwidget\">\n\t<p class=\"isSelectedEnd\">Est\u00e3o abertas as inscri\u00e7\u00f5es para o <strong>Processo Seletivo 2026 do Mestrado Profissional em Qu\u00edmica em Rede Nacional (PROFQUI)<\/strong>, destinado \u00e0 forma\u00e7\u00e3o das turmas com in\u00edcio em <strong>2027<\/strong>.<\/p>\n<p class=\"isSelectedEnd\">O processo seletivo \u00e9 voltado a profissionais interessados em ampliar sua forma\u00e7\u00e3o na \u00e1rea de Qu\u00edmica, contribuindo para o aprimoramento da pr\u00e1tica docente e para o desenvolvimento de conhecimentos e metodologias aplicadas ao ensino de Qu\u00edmica.<\/p>\n<p>As\u00a0<a href=\"https:\/\/profqui.iq.ufrj.br\/edital-2026\/\">inscri\u00e7\u00f5es<\/a> ter\u00e3o in\u00edcio em <strong>17 de agosto de 2026<\/strong> e permanecer\u00e3o abertas at\u00e9 <strong>28 de setembro de 2026<\/strong>.<\/p>\n<p>Os interessados devem consultar o <a href=\"https:\/\/profqui.iq.ufrj.br\/wp-content\/uploads\/2026\/08\/Edital-PROFQUI-ENA-2026.pdf\"><strong>edital do processo seletivo<\/strong><\/a> para informa\u00e7\u00f5es detalhadas sobre requisitos, documenta\u00e7\u00e3o necess\u00e1ria, etapas da sele\u00e7\u00e3o, cronograma e demais orienta\u00e7\u00f5es.<\/p>\n<\/div>\n<\/div><\/div><\/div><\/div><\/div>","protected":false},"excerpt":{"rendered":"<p>Est\u00e3o abertas as inscri\u00e7\u00f5es para o Processo Seletivo 2026 do Mestrado Profissional em Qu\u00edmica em Rede Nacional (PROFQUI), destinado \u00e0 forma\u00e7\u00e3o das turmas com in\u00edcio em 2027. O processo seletivo \u00e9 voltado a profissionais interessados em ampliar sua forma\u00e7\u00e3o na \u00e1rea de Qu\u00edmica, contribuindo para o aprimoramento da pr\u00e1tica docente e para o desenvolvimento de [&hellip;]<\/p>\n","protected":false},"author":62,"featured_media":0,"comment_status":"open","ping_status":"open","sticky":false,"template":"","format":"standard","meta":{"footnotes":""},"categories":[6],"tags":[],"class_list":["post-1653","post","type-post","status-publish","format-standard","hentry","category-selecao"],"_links":{"self":[{"href":"https:\/\/www.ccen.ufpb.br\/profqui\/wp-json\/wp\/v2\/posts\/1653","targetHints":{"allow":["GET"]}}],"collection":[{"href":"https:\/\/www.ccen.ufpb.br\/profqui\/wp-json\/wp\/v2\/posts"}],"about":[{"href":"https:\/\/www.ccen.ufpb.br\/profqui\/wp-json\/wp\/v2\/types\/post"}],"author":[{"embeddable":true,"href":"https:\/\/www.ccen.ufpb.br\/profqui\/wp-json\/wp\/v2\/users\/62"}],"replies":[{"embeddable":true,"href":"https:\/\/www.ccen.ufpb.br\/profqui\/wp-json\/wp\/v2\/comments?post=1653"}],"version-history":[{"count":1,"href":"https:\/\/www.ccen.ufpb.br\/profqui\/wp-json\/wp\/v2\/posts\/1653\/revisions"}],"predecessor-version":[{"id":1654,"href":"https:\/\/www.ccen.ufpb.br\/profqui\/wp-json\/wp\/v2\/posts\/1653\/revisions\/1654"}],"wp:attachment":[{"href":"https:\/\/www.ccen.ufpb.br\/profqui\/wp-json\/wp\/v2\/media?parent=1653"}],"wp:term":[{"taxonomy":"category","embeddable":true,"href":"https:\/\/www.ccen.ufpb.br\/profqui\/wp-json\/wp\/v2\/categories?post=1653"},{"taxonomy":"post_tag","embeddable":true,"href":"https:\/\/www.ccen.ufpb.br\/profqui\/wp-json\/wp\/v2\/tags?post=1653"}],"curies":[{"name":"wp","href":"https:\/\/api.w.org\/{rel}","templated":true}]}}