{"id":411,"date":"2026-07-17T08:54:12","date_gmt":"2026-07-17T11:54:12","guid":{"rendered":"https:\/\/www.ccen.ufpb.br\/ppgf\/?p=411"},"modified":"2026-07-17T08:54:12","modified_gmt":"2026-07-17T11:54:12","slug":"defesa-de-mestrado-allisson-marques-da-costa-nogueira","status":"publish","type":"post","link":"https:\/\/www.ccen.ufpb.br\/ppgf\/defesas\/defesa-de-mestrado-allisson-marques-da-costa-nogueira\/","title":{"rendered":"DEFESA de MESTRADO: ALLISSON MARQUES DA COSTA NOGUEIRA"},"content":{"rendered":"\n<p class=\"wp-block-paragraph\">DISCENTE: ALLISSON MARQUES DA COSTA NOGUEIRA<br>DATA: 28\/07\/2026<br>HORA: 14:00<br>LOCAL: meet.google.com\/txz-uexq-zim<br>T\u00cdTULO: Um estudo sobre teorias modificadas da gravita\u00e7\u00e3o: teorias F(R) e teoria de Born-Infeld gravitacional<br>PALAVRAS-CHAVES: Relatividade Geral; Teorias f(R); Born-Infeld; Gravita\u00e7\u00e3o modificada.<br>P\u00c1GINAS: 70<br>GRANDE \u00c1REA: Ci\u00eancias Exatas e da Terra<br>\u00c1REA: F\u00edsica<br>SUB\u00c1REA: F\u00edsica das Part\u00edculas Elementares e Campos<br><\/p>\n\n\n\n<p class=\"wp-block-paragraph\">RESUMO: O presente trabalho de disserta\u00e7\u00e3o visa realizar uma revis\u00e3o sobre os conceitos e c\u00e1lculos de teorias $f(R)$ e Born-Infeld nos formalismos m\u00e9trico e m\u00e9trico-afim (\u00e0 la Palatini). Ser\u00e1 revisado o formalismo tensorial de Relatividade Geral e suas Eqs. de movimento a fim de introduzir o ferramental necess\u00e1rio para desenvolver essas teorias e revisar a teoria que serve como base para as outras duas. Bem como, estudaremos aplica\u00e7\u00f5es para as duas teorias: o modelo $f(R)=R+\\alpha R^\\beta$ e buracos negros no contexto das teorias Eddington-inspired-Born-Infeld (EiBI). Veremos que neste caso a fun\u00e7\u00e3o da massa n\u00e3o possui diverg\u00eancia no centro do buraco negro, indicando uma poss\u00edvel resolu\u00e7\u00e3o para o problema da singularidade.<br><\/p>\n\n\n\n<p class=\"wp-block-paragraph\">MEMBROS DA BANCA:<br>Interno(a) &#8211; 2664371 &#8211; ALBERT PETROV<br>Externo(a) \u00e0 Institui\u00e7\u00e3o &#8211; ELIAS BRITO ALVES JUNIOR<br>Presidente(a) &#8211; 1412957 &#8211; PAULO JOS\u00c9 FERREIRA PORFIRIO DA SILVA<\/p>\n","protected":false},"excerpt":{"rendered":"<p>DISCENTE: ALLISSON MARQUES DA COSTA NOGUEIRADATA: 28\/07\/2026HORA: 14:00LOCAL: meet.google.com\/txz-uexq-zimT\u00cdTULO: Um estudo sobre teorias modificadas da [&hellip;]<\/p>\n","protected":false},"author":522,"featured_media":190,"comment_status":"closed","ping_status":"","sticky":false,"template":"","format":"standard","meta":{"footnotes":""},"categories":[3],"tags":[],"class_list":["post-411","post","type-post","status-publish","format-standard","has-post-thumbnail","hentry","category-defesas"],"_links":{"self":[{"href":"https:\/\/www.ccen.ufpb.br\/ppgf\/wp-json\/wp\/v2\/posts\/411","targetHints":{"allow":["GET"]}}],"collection":[{"href":"https:\/\/www.ccen.ufpb.br\/ppgf\/wp-json\/wp\/v2\/posts"}],"about":[{"href":"https:\/\/www.ccen.ufpb.br\/ppgf\/wp-json\/wp\/v2\/types\/post"}],"author":[{"embeddable":true,"href":"https:\/\/www.ccen.ufpb.br\/ppgf\/wp-json\/wp\/v2\/users\/522"}],"replies":[{"embeddable":true,"href":"https:\/\/www.ccen.ufpb.br\/ppgf\/wp-json\/wp\/v2\/comments?post=411"}],"version-history":[{"count":1,"href":"https:\/\/www.ccen.ufpb.br\/ppgf\/wp-json\/wp\/v2\/posts\/411\/revisions"}],"predecessor-version":[{"id":412,"href":"https:\/\/www.ccen.ufpb.br\/ppgf\/wp-json\/wp\/v2\/posts\/411\/revisions\/412"}],"wp:featuredmedia":[{"embeddable":true,"href":"https:\/\/www.ccen.ufpb.br\/ppgf\/wp-json\/wp\/v2\/media\/190"}],"wp:attachment":[{"href":"https:\/\/www.ccen.ufpb.br\/ppgf\/wp-json\/wp\/v2\/media?parent=411"}],"wp:term":[{"taxonomy":"category","embeddable":true,"href":"https:\/\/www.ccen.ufpb.br\/ppgf\/wp-json\/wp\/v2\/categories?post=411"},{"taxonomy":"post_tag","embeddable":true,"href":"https:\/\/www.ccen.ufpb.br\/ppgf\/wp-json\/wp\/v2\/tags?post=411"}],"curies":[{"name":"wp","href":"https:\/\/api.w.org\/{rel}","templated":true}]}}