{"id":253,"date":"2026-03-30T13:37:44","date_gmt":"2026-03-30T16:37:44","guid":{"rendered":"https:\/\/www.ccen.ufpb.br\/ppgf\/?p=253"},"modified":"2026-04-07T08:57:44","modified_gmt":"2026-04-07T11:57:44","slug":"minicurso-workshop-saulo-albuquerque","status":"publish","type":"post","link":"https:\/\/www.ccen.ufpb.br\/ppgf\/ciclo-de-coloquios\/minicurso-workshop-saulo-albuquerque\/","title":{"rendered":"Minicurso (Workshop) &#8211; Saulo Albuquerque (13 e 15\/04\/2026)"},"content":{"rendered":"<div class=\"wp-block-image\">\n<figure class=\"aligncenter size-full\"><img loading=\"lazy\" decoding=\"async\" width=\"212\" height=\"302\" src=\"https:\/\/www.ccen.ufpb.br\/ppgf\/wp-content\/uploads\/sites\/115\/sites\/445\/2026\/03\/foto-minicurso-1-2026.png\" alt=\"\" class=\"wp-image-254\" srcset=\"https:\/\/www.ccen.ufpb.br\/ppgf\/wp-content\/uploads\/sites\/115\/sites\/445\/2026\/03\/foto-minicurso-1-2026.png 212w, https:\/\/www.ccen.ufpb.br\/ppgf\/wp-content\/uploads\/sites\/115\/sites\/445\/2026\/03\/foto-minicurso-1-2026-211x300.png 211w\" sizes=\"auto, (max-width: 212px) 100vw, 212px\" \/><\/figure>\n<\/div>\n\n\n<p class=\"wp-block-paragraph\">Minicurso PPGF<\/p>\n\n\n\n<p class=\"wp-block-paragraph\">\u201cDetec\u00e7\u00e3o e an\u00e1lise de dados de ondas&nbsp;gravitacionais\u201d<\/p>\n\n\n\n<p class=\"wp-block-paragraph\">Dr. Saulo Albuquerque<br>P\u00f3s-doc e research fellow na Universit\u00e1 degli Studi&nbsp;di Urbino (University of Urbino), Italy &#8211; INFN Firenze &#8211; membro da colabora\u00e7\u00e3o&nbsp;LIGO-Virgo-Kagra (LVK)<\/p>\n\n\n\n<p class=\"wp-block-paragraph\">Segunda-feira, 13 e Quarta-feira, 15 de Abril de 2026&nbsp;, \u00e0s 14h, na&nbsp;sala 201 do Departamento de F\u00edsica\/CCEN.<\/p>\n\n\n\n<p class=\"wp-block-paragraph\">Resumo: Nesse workshop, introduziremos como ondas gravitacionais, emitidas pela coalesc\u00eancia de buracos negros e estrelas de n\u00eautrons, s\u00e3o detectadas pelos interfer\u00f4metros do LIGO-Virgo-Kagra (LVK), e posteriormente analisados pela mesma colabora\u00e7\u00e3o. A teoria por tr\u00e1s dos algoritmos ser\u00e1 introduzida, e sua utiliza\u00e7\u00e3o na pr\u00e1tica ser\u00e1 demonstrada por meio do uso de distintas pipelines padr\u00f5es na comunidade cient\u00edfica. Sess\u00f5es de \u2018hands-on\u2019 acontecer\u00e3o no decorrer do workshop a fim de instruir jovens pesquisadores sobre como produzir suas pr\u00f3prias an\u00e1lises por meio dos softwares de livre acesso amplamente utilizados internacionalmente. Novas t\u00e9cnicas como machine learning e IA ter\u00e3o tamb\u00e9m seu uso discutido para o nosso objetivo, bem como seu ganho de efici\u00eancia com dispositivos de \u00faltima gera\u00e7\u00e3o com GPUs integrados. O prop\u00f3sito final desse workshop \u00e9 democratizar as mais importantes t\u00e9cnicas utilizadas pela colabora\u00e7\u00e3o LVK e instruir os futuros pesquisadores sobre como utiliz\u00e1-las de forma pr\u00e1tica e acess\u00edvel. Estudantes e pesquisadores de todos os background em ci\u00eancias exatas, da natureza e de computa\u00e7\u00e3o, bem como demais interessados s\u00e3o bem vindos.<\/p>\n","protected":false},"excerpt":{"rendered":"<p>Minicurso PPGF \u201cDetec\u00e7\u00e3o e an\u00e1lise de dados de ondas&nbsp;gravitacionais\u201d Dr. Saulo AlbuquerqueP\u00f3s-doc e research fellow [&hellip;]<\/p>\n","protected":false},"author":522,"featured_media":255,"comment_status":"closed","ping_status":"","sticky":false,"template":"","format":"standard","meta":{"footnotes":""},"categories":[4],"tags":[],"class_list":["post-253","post","type-post","status-publish","format-standard","has-post-thumbnail","hentry","category-ciclo-de-coloquios"],"_links":{"self":[{"href":"https:\/\/www.ccen.ufpb.br\/ppgf\/wp-json\/wp\/v2\/posts\/253","targetHints":{"allow":["GET"]}}],"collection":[{"href":"https:\/\/www.ccen.ufpb.br\/ppgf\/wp-json\/wp\/v2\/posts"}],"about":[{"href":"https:\/\/www.ccen.ufpb.br\/ppgf\/wp-json\/wp\/v2\/types\/post"}],"author":[{"embeddable":true,"href":"https:\/\/www.ccen.ufpb.br\/ppgf\/wp-json\/wp\/v2\/users\/522"}],"replies":[{"embeddable":true,"href":"https:\/\/www.ccen.ufpb.br\/ppgf\/wp-json\/wp\/v2\/comments?post=253"}],"version-history":[{"count":3,"href":"https:\/\/www.ccen.ufpb.br\/ppgf\/wp-json\/wp\/v2\/posts\/253\/revisions"}],"predecessor-version":[{"id":266,"href":"https:\/\/www.ccen.ufpb.br\/ppgf\/wp-json\/wp\/v2\/posts\/253\/revisions\/266"}],"wp:featuredmedia":[{"embeddable":true,"href":"https:\/\/www.ccen.ufpb.br\/ppgf\/wp-json\/wp\/v2\/media\/255"}],"wp:attachment":[{"href":"https:\/\/www.ccen.ufpb.br\/ppgf\/wp-json\/wp\/v2\/media?parent=253"}],"wp:term":[{"taxonomy":"category","embeddable":true,"href":"https:\/\/www.ccen.ufpb.br\/ppgf\/wp-json\/wp\/v2\/categories?post=253"},{"taxonomy":"post_tag","embeddable":true,"href":"https:\/\/www.ccen.ufpb.br\/ppgf\/wp-json\/wp\/v2\/tags?post=253"}],"curies":[{"name":"wp","href":"https:\/\/api.w.org\/{rel}","templated":true}]}}