{"id":152,"date":"2026-02-23T11:38:44","date_gmt":"2026-02-23T14:38:44","guid":{"rendered":"https:\/\/www.ccen.ufpb.br\/ppgf\/?p=152"},"modified":"2026-02-25T10:48:54","modified_gmt":"2026-02-25T13:48:54","slug":"defesa-de-mestrado-ivanilson-da-silva-lima","status":"publish","type":"post","link":"https:\/\/www.ccen.ufpb.br\/ppgf\/defesas\/defesa-de-mestrado-ivanilson-da-silva-lima\/","title":{"rendered":"DEFESA de MESTRADO: IVANILSON DA SILVA LIMA"},"content":{"rendered":"\n<p class=\"wp-block-paragraph\">DISCENTE: IVANILSON DA SILVA LIMA<br>DATA: 26\/02\/2026<br>HORA: 15:00<br>LOCAL: meet.google.com\/bmz-ykae-zwd<br>T\u00cdTULO: Potenciais Gravitacionais modificados por dimens\u00f5es extras: Uma an\u00e1lise do decaimento alfa no contexto de modelos de mundo-brana.<\/p>\n\n\n\n<p class=\"wp-block-paragraph\">RESUMO: Neste trabalho, apresentamos uma introdu\u00e7\u00e3o \u00e0s teorias de dimens\u00f5es extras de grande escala, nas quais s\u00e3o previstas modifica\u00e7\u00f5es da intera\u00e7\u00e3o gravitacional em escalas microsc\u00f3picas. Em seguida, revisamos a teoria do decaimento alfa proposta por Gamow e a estendemos para um cen\u00e1rio que envolve dimens\u00f5es extras, com o objetivo de investigar a influ\u00eancia de um potencial gravitacional modificado sobre a taxa de decaimento de n\u00facleos radioativos pesados. No regime de curtas dist\u00e2ncias, quando comparadas ao tamanho das dimens\u00f5es extras, a modifica\u00e7\u00e3o do potencial gravitacional \u00e9 descrita por um comportamento do tipo lei de pot\u00eancia. No regime de longas dist\u00e2ncias, por outro lado, empregam-se corre\u00e7\u00f5es do tipo Yukawa para caracterizar o comportamento assint\u00f3tico do potencial gravitacional modificado. Com base nesse arcabou\u00e7o te\u00f3rico e utilizando dados experimentais de decaimento alfa de 158 is\u00f3topos, foi poss\u00edvel estabelecer v\u00ednculos experimentais independentes para os par\u00e2metros dos modelos de dimens\u00f5es extras por meio da t\u00e9cnica de ajuste por m\u00ednimos quadrados. Em nossa an\u00e1lise, consideramos cen\u00e1rios com diferentes n\u00fameros de dimens\u00f5es extras e impusemos restri\u00e7\u00f5es aos principais par\u00e2metros do modelo, incluindo o raio nuclear efetivo, o comprimento de Planck em dimens\u00f5es extras e os par\u00e2metros associados \u00e0 parametriza\u00e7\u00e3o de Yukawa.<\/p>\n\n\n\n<p class=\"wp-block-paragraph\">MEMBROS DA BANCA:<br>Presidente(a) &#8211; 2348379 &#8211; FABIO LEAL DE MELO DAHIA<br>Interno(a) &#8211; 2744129 &#8211; JANSEN BRASILEIRO FORMIGA<br>Externo(a) \u00e0 Institui\u00e7\u00e3o &#8211; MARCOS ANTONIO ANACLETO<\/p>\n","protected":false},"excerpt":{"rendered":"<p>DISCENTE: IVANILSON DA SILVA LIMADATA: 26\/02\/2026HORA: 15:00LOCAL: meet.google.com\/bmz-ykae-zwdT\u00cdTULO: Potenciais Gravitacionais modificados por dimens\u00f5es extras: Uma [&hellip;]<\/p>\n","protected":false},"author":522,"featured_media":190,"comment_status":"closed","ping_status":"","sticky":false,"template":"","format":"standard","meta":{"footnotes":""},"categories":[3],"tags":[],"class_list":["post-152","post","type-post","status-publish","format-standard","has-post-thumbnail","hentry","category-defesas"],"_links":{"self":[{"href":"https:\/\/www.ccen.ufpb.br\/ppgf\/wp-json\/wp\/v2\/posts\/152","targetHints":{"allow":["GET"]}}],"collection":[{"href":"https:\/\/www.ccen.ufpb.br\/ppgf\/wp-json\/wp\/v2\/posts"}],"about":[{"href":"https:\/\/www.ccen.ufpb.br\/ppgf\/wp-json\/wp\/v2\/types\/post"}],"author":[{"embeddable":true,"href":"https:\/\/www.ccen.ufpb.br\/ppgf\/wp-json\/wp\/v2\/users\/522"}],"replies":[{"embeddable":true,"href":"https:\/\/www.ccen.ufpb.br\/ppgf\/wp-json\/wp\/v2\/comments?post=152"}],"version-history":[{"count":1,"href":"https:\/\/www.ccen.ufpb.br\/ppgf\/wp-json\/wp\/v2\/posts\/152\/revisions"}],"predecessor-version":[{"id":153,"href":"https:\/\/www.ccen.ufpb.br\/ppgf\/wp-json\/wp\/v2\/posts\/152\/revisions\/153"}],"wp:featuredmedia":[{"embeddable":true,"href":"https:\/\/www.ccen.ufpb.br\/ppgf\/wp-json\/wp\/v2\/media\/190"}],"wp:attachment":[{"href":"https:\/\/www.ccen.ufpb.br\/ppgf\/wp-json\/wp\/v2\/media?parent=152"}],"wp:term":[{"taxonomy":"category","embeddable":true,"href":"https:\/\/www.ccen.ufpb.br\/ppgf\/wp-json\/wp\/v2\/categories?post=152"},{"taxonomy":"post_tag","embeddable":true,"href":"https:\/\/www.ccen.ufpb.br\/ppgf\/wp-json\/wp\/v2\/tags?post=152"}],"curies":[{"name":"wp","href":"https:\/\/api.w.org\/{rel}","templated":true}]}}