{"id":150,"date":"2026-02-23T11:37:33","date_gmt":"2026-02-23T14:37:33","guid":{"rendered":"https:\/\/www.ccen.ufpb.br\/ppgf\/?p=150"},"modified":"2026-02-25T10:48:34","modified_gmt":"2026-02-25T13:48:34","slug":"defesa-de-doutorado-ranielison-dantas-da-costa","status":"publish","type":"post","link":"https:\/\/www.ccen.ufpb.br\/ppgf\/defesas\/defesa-de-doutorado-ranielison-dantas-da-costa\/","title":{"rendered":"DEFESA de DOUTORADO: RANIELISON DANTAS DA COSTA"},"content":{"rendered":"\n<p class=\"wp-block-paragraph\">DISCENTE: RANIELISON DANTAS DA COSTA<br>DATA: 26\/02\/2026<br>HORA: 10:00<br>LOCAL: meet.google.com\/xjj-eioy-dip<br>T\u00cdTULO: O momento angular do teleparalelismo equivalente \u00e0 relatividade geral e a energia de ondas gravitacionais.<\/p>\n\n\n\n<p class=\"wp-block-paragraph\">RESUMO: Nesta tese, discutimos o problema da energia e do momento angular no contexto do teleparalelismo equivalente \u00e0 relatividade geral (TEGR). Enquanto na Relatividade Geral a energia gravitacional n\u00e3o pode ser definida localmente de forma independente de coordenadas, o TEGR utiliza t\u00e9tradas para formular as leis de conserva\u00e7\u00e3o e um tensor de energia-momento gravitacional que s\u00e3o covariantes e dependem apenas do campo de t\u00e9tradas, refletindo, portanto, propriedade tanto no espa\u00e7o-tempo quanto do observador. Al\u00e9m disso, o TEGR oferece uma formula\u00e7\u00e3o natural para o momento angular, definida localmente, o que supera algumas limita\u00e7\u00f5es da RG. No entanto, essa defini\u00e7\u00e3o apresenta algumas dificuldades interpretativas, como o fato de a parte espacial do momento angular ser nula sob o calibre temporal, mesmo em espa\u00e7os-tempos rotativos, como o de G\u00f6del, e a aus\u00eancia de uma lei de conserva\u00e7\u00e3o que conecte o momento angular gravitacional ao da mat\u00e9ria. Investigamos essas quest\u00f5es, estabelecendo uma lei de conserva\u00e7\u00e3o an\u00e1loga \u00e0 da relatividade especial e analisamos o significado f\u00edsico do momento angular em diversos referenciais no espa\u00e7o-tempo de G\u00f6del. Tamb\u00e9m estendemos os resultados sobre energia gravitacional para ondas gravitacionais do tipo\u00a0<em>pp<\/em>, mostrando que, nesse caso, h\u00e1 uma rela\u00e7\u00e3o entre as energias e o tensor de expans\u00e3o.<\/p>\n\n\n\n<p class=\"wp-block-paragraph\">MEMBROS DA BANCA:<br>Externo(a) ao Programa &#8211; 2250443 &#8211; ERALDO ALMEIDA LIMA JUNIOR<br>Externo(a) \u00e0 Institui\u00e7\u00e3o &#8211; FERNANDO LESSA CARNEIRO<br>Interno(a) &#8211; 2878555 &#8211; HERONDY FRANCISCO SANTANA MOTA<br>Presidente(a) &#8211; 2744129 &#8211; JANSEN BRASILEIRO FORMIGA<br>Interno(a) &#8211; 6337777 &#8211; VALDIR BARBOSA BEZERRA<\/p>\n","protected":false},"excerpt":{"rendered":"<p>DISCENTE: RANIELISON DANTAS DA COSTADATA: 26\/02\/2026HORA: 10:00LOCAL: meet.google.com\/xjj-eioy-dipT\u00cdTULO: O momento angular do teleparalelismo equivalente \u00e0 [&hellip;]<\/p>\n","protected":false},"author":522,"featured_media":191,"comment_status":"closed","ping_status":"","sticky":false,"template":"","format":"standard","meta":{"footnotes":""},"categories":[3],"tags":[],"class_list":["post-150","post","type-post","status-publish","format-standard","has-post-thumbnail","hentry","category-defesas"],"_links":{"self":[{"href":"https:\/\/www.ccen.ufpb.br\/ppgf\/wp-json\/wp\/v2\/posts\/150","targetHints":{"allow":["GET"]}}],"collection":[{"href":"https:\/\/www.ccen.ufpb.br\/ppgf\/wp-json\/wp\/v2\/posts"}],"about":[{"href":"https:\/\/www.ccen.ufpb.br\/ppgf\/wp-json\/wp\/v2\/types\/post"}],"author":[{"embeddable":true,"href":"https:\/\/www.ccen.ufpb.br\/ppgf\/wp-json\/wp\/v2\/users\/522"}],"replies":[{"embeddable":true,"href":"https:\/\/www.ccen.ufpb.br\/ppgf\/wp-json\/wp\/v2\/comments?post=150"}],"version-history":[{"count":1,"href":"https:\/\/www.ccen.ufpb.br\/ppgf\/wp-json\/wp\/v2\/posts\/150\/revisions"}],"predecessor-version":[{"id":151,"href":"https:\/\/www.ccen.ufpb.br\/ppgf\/wp-json\/wp\/v2\/posts\/150\/revisions\/151"}],"wp:featuredmedia":[{"embeddable":true,"href":"https:\/\/www.ccen.ufpb.br\/ppgf\/wp-json\/wp\/v2\/media\/191"}],"wp:attachment":[{"href":"https:\/\/www.ccen.ufpb.br\/ppgf\/wp-json\/wp\/v2\/media?parent=150"}],"wp:term":[{"taxonomy":"category","embeddable":true,"href":"https:\/\/www.ccen.ufpb.br\/ppgf\/wp-json\/wp\/v2\/categories?post=150"},{"taxonomy":"post_tag","embeddable":true,"href":"https:\/\/www.ccen.ufpb.br\/ppgf\/wp-json\/wp\/v2\/tags?post=150"}],"curies":[{"name":"wp","href":"https:\/\/api.w.org\/{rel}","templated":true}]}}