{"id":284,"date":"2025-10-17T20:47:41","date_gmt":"2025-10-17T23:47:41","guid":{"rendered":"https:\/\/www.ccen.ufpb.br\/fisica\/?p=284"},"modified":"2025-10-17T21:38:59","modified_gmt":"2025-10-18T00:38:59","slug":"professor-dionisio-bazeia-e-homenageado-pela-sociedade-brasileira-de-fisica-durante-o-encontro-de-primavera-epsbf-de-2025","status":"publish","type":"post","link":"https:\/\/www.ccen.ufpb.br\/fisica\/professor-dionisio-bazeia-e-homenageado-pela-sociedade-brasileira-de-fisica-durante-o-encontro-de-primavera-epsbf-de-2025\/","title":{"rendered":"Professor Dionisio Bazeia \u00e9 Homenageado Pela Sociedade Brasileira de F\u00edsica durante o Encontro de Primavera (EPSBF) de 2025"},"content":{"rendered":"\n<p class=\"has-text-align-left\">Durante o Encontro de Primavera da Sociedade Brasileira de F\u00edsica (EPSBF) de 2025,&nbsp;foi prestada homenagem ao Professor Dionisio Bazeia&nbsp;pelo seu relevante papel e trajet\u00f3ria no desenvolvimento da F\u00edsica te\u00f3rica de Part\u00edculas e Campos no Brasil.<\/p>\n\n\n\n<div class=\"wp-block-group\"><div class=\"wp-block-group__inner-container is-layout-constrained wp-block-group-is-layout-constrained\"><div class=\"wp-block-image is-style-default\">\n<figure class=\"aligncenter size-full\"><img loading=\"lazy\" decoding=\"async\" width=\"861\" height=\"579\" src=\"http:\/\/www.ccen.ufpb.br\/fisica\/wp-content\/uploads\/sites\/115\/sites\/359\/2025\/10\/Homenagem-Dionisio.png\" alt=\"\" class=\"wp-image-283\" srcset=\"https:\/\/www.ccen.ufpb.br\/fisica\/wp-content\/uploads\/sites\/115\/sites\/359\/2025\/10\/Homenagem-Dionisio.png 861w, https:\/\/www.ccen.ufpb.br\/fisica\/wp-content\/uploads\/sites\/115\/sites\/359\/2025\/10\/Homenagem-Dionisio-300x202.png 300w, https:\/\/www.ccen.ufpb.br\/fisica\/wp-content\/uploads\/sites\/115\/sites\/359\/2025\/10\/Homenagem-Dionisio-768x516.png 768w\" sizes=\"auto, (max-width: 861px) 100vw, 861px\" \/><\/figure>\n<\/div><\/div><\/div>\n\n\n\n<p class=\"has-medium-font-size\"><\/p>\n\n\n\n<div class=\"wp-block-group\"><div class=\"wp-block-group__inner-container is-layout-constrained wp-block-group-is-layout-constrained\"><div class=\"wp-block-image is-style-default\">\n<figure class=\"alignleft size-full is-resized\"><img loading=\"lazy\" decoding=\"async\" width=\"216\" height=\"168\" src=\"https:\/\/www.ccen.ufpb.br\/fisica\/wp-content\/uploads\/sites\/115\/sites\/359\/2025\/10\/DBazeia2.jpeg\" alt=\"\" class=\"wp-image-282\" style=\"width:309px;height:auto\" \/><\/figure>\n<\/div><\/div><\/div>\n\n\n\n<p class=\"has-medium-font-size\"><strong>Prof. Dionisio Bazeia<\/strong><\/p>\n\n\n\n<p>Possui gradua\u00e7\u00e3o em F\u00edsica pela Universidade Federal da Para\u00edba (UFPB), mestrado em F\u00edsica pela Universidade Federal do Rio Grande do Sul e doutorado em F\u00edsica pela Universidade de S\u00e3o Paulo (USP). Realizou p\u00f3s-doutorado no Massachusetts Institute of Technology (MIT) no per\u00edodo de agosto de 1989 a julho de 1991 e foi professor visitante no MIT de outubro de 1997 a fevereiro de 1999 e no Instituto de F\u00edsica da USP entre julho de 2012 e junho de 2013. \u00c9 professor titular da UFPB desde 2005 e pesquisador do Conselho Nacional de Desenvolvimento Cient\u00edfico e Tecnol\u00f3gico (CNPq) n\u00edvel 1A desde 2010. Foi membro do Corpo Editorial da revista EPL (Europhysics Letters, sob a responsabilidade cient\u00edfica da European Physical Society), do Comit\u00ea Assessor de F\u00edsica e Astronomia do CNPq e do Conselho de Representantes da Sociedade Brasileira de F\u00edsica (SBF). Supervisionou os estudos de 25 mestres, 20 doutores e 12 bolsistas de p\u00f3s-doutorado. Foi orientador de teses de doutorado premiadas pela SBF e pela UFPB. Em 2022, recebeu da Assembleia Legislativa do Estado da Para\u00edba, a Comenda Darcy Ribeiro do m\u00e9rito educador. Contribuiu para organizar v\u00e1rios eventos nacionais e internacionais, em particular, algumas edi\u00e7\u00f5es do Encontro Nacional de F\u00edsica de Part\u00edculas e Campos da SBF, v\u00e1rias edi\u00e7\u00f5es da oficina nacional de Teoria Qu\u00e2ntica de Campos, a primeira Escola de F\u00edsica de Part\u00edculas e Campos do Norte-Nordeste em 2009 e cinco edi\u00e7\u00f5es do workshop internacional Modern Trends in Field Theory (2006, 2008 e 2024 em Jo\u00e3o Pessoa\/Brasil, 2010 em Porto\/Portugal e 2011 em Salamanca\/Espanha). Possui 311 artigos publicados, com mais de 10.300 cita\u00e7\u00f5es e \u00edndice h=52, de acordo com o Google Acad\u00eamico. Al\u00e9m de sua atua\u00e7\u00e3o significativa como pesquisador, ele sempre se preocupou com a forma\u00e7\u00e3o de estudantes nos n\u00edveis de gradua\u00e7\u00e3o, mestrado e doutorado, incentivando-os a se tornarem f\u00edsicos de alto n\u00edvel. Al\u00e9m disso, tamb\u00e9m contribuiu ativamente para a forma\u00e7\u00e3o e fixa\u00e7\u00e3o de grupos de teoria de campos na Para\u00edba e no Nordeste. Atualmente, desenvolve pesquisas com \u00eanfase em Teoria Geral de Part\u00edculas e Campos, atuando principalmente no estudo de estruturas localizadas, com aplica\u00e7\u00f5es em Biodiversidade, Energia Escura, Informa\u00e7\u00e3o Qu\u00e2ntica, Magnetismo e Mundos-Brana.<\/p>\n\n\n\n<p><\/p>\n","protected":false},"excerpt":{"rendered":"<p>Durante o Encontro de Primavera da Sociedade Brasileira de F\u00edsica (EPSBF) de 2025,&nbsp;foi prestada homenagem [&hellip;]<\/p>\n","protected":false},"author":401,"featured_media":322,"comment_status":"closed","ping_status":"","sticky":false,"template":"","format":"standard","meta":{"footnotes":""},"categories":[9],"tags":[],"class_list":["post-284","post","type-post","status-publish","format-standard","has-post-thumbnail","hentry","category-homenagens"],"_links":{"self":[{"href":"https:\/\/www.ccen.ufpb.br\/fisica\/wp-json\/wp\/v2\/posts\/284","targetHints":{"allow":["GET"]}}],"collection":[{"href":"https:\/\/www.ccen.ufpb.br\/fisica\/wp-json\/wp\/v2\/posts"}],"about":[{"href":"https:\/\/www.ccen.ufpb.br\/fisica\/wp-json\/wp\/v2\/types\/post"}],"author":[{"embeddable":true,"href":"https:\/\/www.ccen.ufpb.br\/fisica\/wp-json\/wp\/v2\/users\/401"}],"replies":[{"embeddable":true,"href":"https:\/\/www.ccen.ufpb.br\/fisica\/wp-json\/wp\/v2\/comments?post=284"}],"version-history":[{"count":19,"href":"https:\/\/www.ccen.ufpb.br\/fisica\/wp-json\/wp\/v2\/posts\/284\/revisions"}],"predecessor-version":[{"id":319,"href":"https:\/\/www.ccen.ufpb.br\/fisica\/wp-json\/wp\/v2\/posts\/284\/revisions\/319"}],"wp:featuredmedia":[{"embeddable":true,"href":"https:\/\/www.ccen.ufpb.br\/fisica\/wp-json\/wp\/v2\/media\/322"}],"wp:attachment":[{"href":"https:\/\/www.ccen.ufpb.br\/fisica\/wp-json\/wp\/v2\/media?parent=284"}],"wp:term":[{"taxonomy":"category","embeddable":true,"href":"https:\/\/www.ccen.ufpb.br\/fisica\/wp-json\/wp\/v2\/categories?post=284"},{"taxonomy":"post_tag","embeddable":true,"href":"https:\/\/www.ccen.ufpb.br\/fisica\/wp-json\/wp\/v2\/tags?post=284"}],"curies":[{"name":"wp","href":"https:\/\/api.w.org\/{rel}","templated":true}]}}