{"id":122,"date":"2025-08-01T23:05:00","date_gmt":"2025-08-02T02:05:00","guid":{"rendered":"https:\/\/www.ccen.ufpb.br\/fisica\/?p=122"},"modified":"2025-10-17T21:16:37","modified_gmt":"2025-10-18T00:16:37","slug":"projetos-do-pet-e-do-prolicen-ambos-do-departamento-de-fisica-da-ufpb-sao-premiados-no-encontro-de-iniciacao-a-docencia-enid","status":"publish","type":"post","link":"https:\/\/www.ccen.ufpb.br\/fisica\/projetos-do-pet-e-do-prolicen-ambos-do-departamento-de-fisica-da-ufpb-sao-premiados-no-encontro-de-iniciacao-a-docencia-enid\/","title":{"rendered":"Projetos do PET e do Prolicen, ambos do Departamento de F\u00edsica da UFPB, s\u00e3o premiados no Encontro de Inicia\u00e7\u00e3o \u00e0 Doc\u00eancia (ENID)"},"content":{"rendered":"\n<p>A Pr\u00f3-Reitoria de Gradua\u00e7\u00e3o da Universidade Federal da Para\u00edba (PRG\/UFPB), por meio da Coordena\u00e7\u00e3o de Programas e Projetos Acad\u00eamicos, divulgou a lista de trabalhos premiados no Encontro de Inicia\u00e7\u00e3o \u00e0 Doc\u00eancia &#8211; ENID 2024 (<a href=\"https:\/\/www.prg.ufpb.br\/prg\/contents\/documentos\/prg-1\/TRABALHOSPREMIADOSENID2024RETIFICADO.pdf\" target=\"_blank\" rel=\"noreferrer noopener\">Projetos Premiados<\/a>). Com mais de 3600 trabalhos apresentados, apenas 122 projetos foram premiados. Dentre esses, destacam-se os Projetos do PET &#8211; F\u00edsica:&nbsp;<strong>&#8220;F\u00cdSICA DIVERTIDA: O PET-F\u00cdSICA E A CI\u00caNCIA COMO ENTRETENIMENTO&#8221;<\/strong>, coordenado pelo Prof. Charlie Salvado, e do PROLICEN &#8211; F\u00edsica:&nbsp;<strong>&#8220;CONTEXTUALIZANDO A F\u00cdSICA DO ENSINO M\u00c9DIO: DID\u00c1TICA, LABORAT\u00d3RIO VIRTUAL E EXPERIMENTOS DE BAIXO CUSTO&#8221;<\/strong>, coordenado pelo Prof. Caio Faustino.<\/p>\n\n\n\n<p>A cerim\u00f4nia de premia\u00e7\u00e3o do Encontro Unificado 2024 (Campus 1) aconteceu no audit\u00f3rio da Reitoria da UFPB, com a finalidade de&nbsp;reconhecer e valorizar a dedica\u00e7\u00e3o de estudantes e docentes envolvidos em programas acad\u00eamicos comprometidos com a excel\u00eancia do ensino superior.<\/p>\n\n\n\n<p><\/p>\n\n\n\n<div class=\"wp-block-group\"><div class=\"wp-block-group__inner-container is-layout-constrained wp-block-group-is-layout-constrained\">\n<figure class=\"wp-block-image size-large\"><img loading=\"lazy\" decoding=\"async\" width=\"1024\" height=\"750\" src=\"https:\/\/www.ccen.ufpb.br\/fisica\/wp-content\/uploads\/sites\/115\/sites\/359\/2025\/08\/PremiaoEnid2024Prolicen2-1024x750.jpeg\" alt=\"\" class=\"wp-image-124\" srcset=\"https:\/\/www.ccen.ufpb.br\/fisica\/wp-content\/uploads\/sites\/115\/sites\/359\/2025\/08\/PremiaoEnid2024Prolicen2-1024x750.jpeg 1024w, https:\/\/www.ccen.ufpb.br\/fisica\/wp-content\/uploads\/sites\/115\/sites\/359\/2025\/08\/PremiaoEnid2024Prolicen2-300x220.jpeg 300w, https:\/\/www.ccen.ufpb.br\/fisica\/wp-content\/uploads\/sites\/115\/sites\/359\/2025\/08\/PremiaoEnid2024Prolicen2-768x563.jpeg 768w, https:\/\/www.ccen.ufpb.br\/fisica\/wp-content\/uploads\/sites\/115\/sites\/359\/2025\/08\/PremiaoEnid2024Prolicen2-1536x1126.jpeg 1536w, https:\/\/www.ccen.ufpb.br\/fisica\/wp-content\/uploads\/sites\/115\/sites\/359\/2025\/08\/PremiaoEnid2024Prolicen2-2048x1501.jpeg 2048w\" sizes=\"auto, (max-width: 1024px) 100vw, 1024px\" \/><\/figure>\n<\/div><\/div>\n\n\n\n<p class=\"has-small-font-size\"><strong>Representa\u00e7\u00e3o do PROLICEN<\/strong>&nbsp;(Bruno P\u00e9ricles, Pr\u00f3-Reitora Ana Cl\u00e1udia e Juan Carlos, da esquerda para a direita)<\/p>\n\n\n\n<p><\/p>\n\n\n\n<div class=\"wp-block-group\"><div class=\"wp-block-group__inner-container is-layout-constrained wp-block-group-is-layout-constrained\">\n<figure class=\"wp-block-image size-full\"><img loading=\"lazy\" decoding=\"async\" width=\"599\" height=\"597\" src=\"http:\/\/www.ccen.ufpb.br\/fisica\/wp-content\/uploads\/sites\/115\/sites\/359\/2025\/08\/premiacao-pet-1.jpeg\" alt=\"\" class=\"wp-image-123\" srcset=\"https:\/\/www.ccen.ufpb.br\/fisica\/wp-content\/uploads\/sites\/115\/sites\/359\/2025\/08\/premiacao-pet-1.jpeg 599w, https:\/\/www.ccen.ufpb.br\/fisica\/wp-content\/uploads\/sites\/115\/sites\/359\/2025\/08\/premiacao-pet-1-300x300.jpeg 300w, https:\/\/www.ccen.ufpb.br\/fisica\/wp-content\/uploads\/sites\/115\/sites\/359\/2025\/08\/premiacao-pet-1-150x150.jpeg 150w\" sizes=\"auto, (max-width: 599px) 100vw, 599px\" \/><\/figure>\n<\/div><\/div>\n\n\n\n<p class=\"has-small-font-size\"><strong>Grupo PET &#8211; F\u00edsica<\/strong>\u00a0(Vinicius, Lethicya, Lucas, Pr\u00f3-Reitora Ana Claudia, Gabriel, Charlie, Wellyda, Leticia e Alexia, da esquerda para direita)<\/p>\n","protected":false},"excerpt":{"rendered":"<p>A Pr\u00f3-Reitoria de Gradua\u00e7\u00e3o da Universidade Federal da Para\u00edba (PRG\/UFPB), por meio da Coordena\u00e7\u00e3o de [&hellip;]<\/p>\n","protected":false},"author":47,"featured_media":123,"comment_status":"closed","ping_status":"","sticky":false,"template":"","format":"standard","meta":{"footnotes":""},"categories":[8],"tags":[],"class_list":["post-122","post","type-post","status-publish","format-standard","has-post-thumbnail","hentry","category-programas-de-graduacao"],"_links":{"self":[{"href":"https:\/\/www.ccen.ufpb.br\/fisica\/wp-json\/wp\/v2\/posts\/122","targetHints":{"allow":["GET"]}}],"collection":[{"href":"https:\/\/www.ccen.ufpb.br\/fisica\/wp-json\/wp\/v2\/posts"}],"about":[{"href":"https:\/\/www.ccen.ufpb.br\/fisica\/wp-json\/wp\/v2\/types\/post"}],"author":[{"embeddable":true,"href":"https:\/\/www.ccen.ufpb.br\/fisica\/wp-json\/wp\/v2\/users\/47"}],"replies":[{"embeddable":true,"href":"https:\/\/www.ccen.ufpb.br\/fisica\/wp-json\/wp\/v2\/comments?post=122"}],"version-history":[{"count":7,"href":"https:\/\/www.ccen.ufpb.br\/fisica\/wp-json\/wp\/v2\/posts\/122\/revisions"}],"predecessor-version":[{"id":310,"href":"https:\/\/www.ccen.ufpb.br\/fisica\/wp-json\/wp\/v2\/posts\/122\/revisions\/310"}],"wp:featuredmedia":[{"embeddable":true,"href":"https:\/\/www.ccen.ufpb.br\/fisica\/wp-json\/wp\/v2\/media\/123"}],"wp:attachment":[{"href":"https:\/\/www.ccen.ufpb.br\/fisica\/wp-json\/wp\/v2\/media?parent=122"}],"wp:term":[{"taxonomy":"category","embeddable":true,"href":"https:\/\/www.ccen.ufpb.br\/fisica\/wp-json\/wp\/v2\/categories?post=122"},{"taxonomy":"post_tag","embeddable":true,"href":"https:\/\/www.ccen.ufpb.br\/fisica\/wp-json\/wp\/v2\/tags?post=122"}],"curies":[{"name":"wp","href":"https:\/\/api.w.org\/{rel}","templated":true}]}}