{"id":133,"date":"2026-08-03T13:19:53","date_gmt":"2026-08-03T16:19:53","guid":{"rendered":"https:\/\/www.ccen.ufpb.br\/cccb\/?p=133"},"modified":"2026-08-28T17:24:13","modified_gmt":"2026-08-28T20:24:13","slug":"apresentacoes-tacc-2026-1","status":"publish","type":"post","link":"https:\/\/www.ccen.ufpb.br\/cccb\/sem-categoria\/apresentacoes-tacc-2026-1\/","title":{"rendered":"Apresenta\u00e7\u00f5es TACC 2026.1"},"content":{"rendered":"\n<p class=\"wp-block-paragraph\"><strong>Autora: Maria Luiza Cordeiro Casado<\/strong><\/p>\n\n\n\n<p class=\"wp-block-paragraph\">T\u00edtulo: FILMES COMO INSTRUMENTOS PARA O ENSINO DE CI\u00caNCIAS E BIOLOGIA: UMA AN\u00c1LISE DAS PESQUISAS PUBLICADAS NOS ANAIS DO ENPEC (2009-2020)<\/p>\n\n\n\n<p class=\"wp-block-paragraph\">Orientado: Prof. Dr. Francisco Jos\u00e9 Pegado Ab\u00edlio<\/p>\n\n\n\n<p class=\"wp-block-paragraph\">Banca: Profa. Dra. Ant\u00f4nia Arisd\u00e9lia Fonseca Matias Aguiar Feitosa<\/p>\n\n\n\n<p class=\"wp-block-paragraph\">Dra. Maria do C\u00e9o Rodrigues<\/p>\n\n\n\n<p class=\"wp-block-paragraph\">Data da apresenta\u00e7\u00e3o: 13 de agosto de 2026<\/p>\n\n\n\n<p class=\"wp-block-paragraph\">Hora: 10h<\/p>\n\n\n\n<p class=\"wp-block-paragraph\">Local: &nbsp;LABEC do CE<\/p>\n\n\n\n<p class=\"wp-block-paragraph\"><\/p>\n\n\n\n<p class=\"wp-block-paragraph\"><strong>Autora: MAIARA DA SILVA RIBEIRO<\/strong><\/p>\n\n\n\n<p class=\"wp-block-paragraph\">T\u00edtulo: ABORDAGEM INVESTIGATIVA DO VALOR ENERG\u00c9TICO DOS ALIMENTOS COM ESTUDANTES DO CURSO T\u00c9CNICO EM GASTRONOMIA DE UMA ESCOLA P\u00daBLICA EM JO\u00c3O PESSOA\/PB<\/p>\n\n\n\n<p class=\"wp-block-paragraph\">Orientado: Profa. Dra. Maria de F\u00e1tima Camarotti<\/p>\n\n\n\n<p class=\"wp-block-paragraph\">Banca: Profa. Dra. Eliete de Lima Paula Z\u00e1rate<\/p>\n\n\n\n<p class=\"wp-block-paragraph\">Prof. Dr. Fernando Ferreira de Morais<\/p>\n\n\n\n<p class=\"wp-block-paragraph\">Data da apresenta\u00e7\u00e3o: 13 de agosto de 2026<\/p>\n\n\n\n<p class=\"wp-block-paragraph\">Hora: 16h<\/p>\n\n\n\n<p class=\"wp-block-paragraph\">Local: &nbsp;Sala 01 do DSE<\/p>\n\n\n\n<p class=\"wp-block-paragraph\"><\/p>\n\n\n\n<p class=\"wp-block-paragraph\"><strong>Autora: ISABELLY DIAS MARINHO<\/strong><\/p>\n\n\n\n<p class=\"wp-block-paragraph\">T\u00edtulo: OS SERES VIVOS, C\u00c9LULAS E N\u00cdVEIS DE ORGANIZA\u00c7\u00c3O BIOL\u00d3GICA: UMA PROPOSTA DE SEQU\u00caNCIA DID\u00c1TICA COM METODOLOGIAS ATIVAS PARA O 6.\u00ba ANO DO ENSINO FUNDAMENTAL ANOS FINAIS<\/p>\n\n\n\n<p class=\"wp-block-paragraph\">Orientado: Profa. Dra. Maria de F\u00e1tima Camarotti<\/p>\n\n\n\n<p class=\"wp-block-paragraph\">Banca: Profa. Dra. Eliete de Lima Paula Z\u00e1rate<\/p>\n\n\n\n<p class=\"wp-block-paragraph\">Profa. Ma. Alda Cl\u00e1udia Vieira N\u00f3brega<\/p>\n\n\n\n<p class=\"wp-block-paragraph\">Data da apresenta\u00e7\u00e3o: 13 de agosto de 2026<\/p>\n\n\n\n<p class=\"wp-block-paragraph\">Hora: 14h<\/p>\n\n\n\n<p class=\"wp-block-paragraph\">Local: &nbsp;Sala 01 do DSE<\/p>\n\n\n\n<p class=\"wp-block-paragraph\"><\/p>\n\n\n\n<p class=\"wp-block-paragraph\"><strong>Autor: Jackson Paulo de Lima Santos<\/strong><\/p>\n\n\n\n<p class=\"wp-block-paragraph\">T\u00edtulo: O FILO MOLLUSCA NOS LIVROS DE BIOLOGIA: AN\u00c1LISE DE CONTE\u00daDO DAS COLE\u00c7\u00d5ES DID\u00c1TICAS APROVADAS NO PNLD 2026<\/p>\n\n\n\n<p class=\"wp-block-paragraph\">Orientado: Prof. Dr. Francisco Jos\u00e9 Pegado Ab\u00edlio<\/p>\n\n\n\n<p class=\"wp-block-paragraph\">Banca: Profa. Dra. Aluska da Silva Matias<\/p>\n\n\n\n<p class=\"wp-block-paragraph\">Prof. Dr. Dieison Prestes da Silveira<\/p>\n\n\n\n<p class=\"wp-block-paragraph\">Data da apresenta\u00e7\u00e3o: 07 de agosto de 2026<\/p>\n\n\n\n<p class=\"wp-block-paragraph\">Hora: 10h<\/p>\n\n\n\n<p class=\"wp-block-paragraph\">Local: &nbsp;LABEC do CE<\/p>\n\n\n\n<p class=\"wp-block-paragraph\"><\/p>\n\n\n\n<p class=\"wp-block-paragraph\"><strong>Autora: MILENA DA SILVA CRUZ<\/strong><\/p>\n\n\n\n<p class=\"wp-block-paragraph\">T\u00edtulo: USO DE METODOLOGIAS ATIVAS NA PROMO\u00c7\u00c3O DA EDUCA\u00c7\u00c3O AMBIENTAL CR\u00cdTICA PARA ABORDAR MUDAN\u00c7AS CLIM\u00c1TICAS NA EDUCA\u00c7\u00c3O B\u00c1SICA<\/p>\n\n\n\n<p class=\"wp-block-paragraph\">Orientado: Prof. Dr. ANTONIA ARISDELIA FONSECA MATIAS AGUIAR FEITOSA<\/p>\n\n\n\n<p class=\"wp-block-paragraph\">Banca: Profa. Dra. Maria de F\u00e1tima Camarotti<\/p>\n\n\n\n<p class=\"wp-block-paragraph\">Dra. Maria do C\u00e9o Rodrigues<\/p>\n\n\n\n<p class=\"wp-block-paragraph\">Data da apresenta\u00e7\u00e3o: 06 de agosto de 2026<\/p>\n\n\n\n<p class=\"wp-block-paragraph\">Hora: 09h<\/p>\n\n\n\n<p class=\"wp-block-paragraph\">Local: &nbsp;Sala 05 do DSE<\/p>\n\n\n\n<p class=\"wp-block-paragraph\"><\/p>\n\n\n\n<p class=\"wp-block-paragraph\"><strong>Autora: AMANDA ELLEN LIMA ARAUJO<\/strong><\/p>\n\n\n\n<p class=\"wp-block-paragraph\">T\u00edtulo: DANDO CENA \u00c0 CRISE: A ludicidade teatral como estrat\u00e9gia de Educa\u00e7\u00e3o Ambiental Cr\u00edtica e a forma\u00e7\u00e3o da consci\u00eancia socioambiental de estudantes do Ensino Fundamental (Anos Finais)<\/p>\n\n\n\n<p class=\"wp-block-paragraph\">Orientado: Prof. Dr. ANTONIA ARISDELIA FONSECA MATIAS AGUIAR FEITOSA<\/p>\n\n\n\n<p class=\"wp-block-paragraph\">Banca: Profa. Dra. Eliete de Lima Paula Z\u00e1rate<\/p>\n\n\n\n<p class=\"wp-block-paragraph\">Dra. J\u00e9ssica Prata de Oliveira<\/p>\n\n\n\n<p class=\"wp-block-paragraph\">Data da apresenta\u00e7\u00e3o: 12 de agosto de 2026<\/p>\n\n\n\n<p class=\"wp-block-paragraph\">Hora: 14h<\/p>\n\n\n\n<p class=\"wp-block-paragraph\">Local: &nbsp;Sala 05 do DSE<\/p>\n\n\n\n<p class=\"wp-block-paragraph\"><\/p>\n\n\n\n<p class=\"wp-block-paragraph\"><strong>Autor: JUNIOR ALVES DE FARIAS<\/strong><\/p>\n\n\n\n<p class=\"wp-block-paragraph\">T\u00edtulo: TECNOLOGIA E BOT\u00c2NICA NO COTIDIANO ESCOLAR: HERB\u00c1RIO VIRTUAL COMO RECURSO DID\u00c1TICO NA FORMA\u00c7\u00c3O CIENT\u00cdFICA<\/p>\n\n\n\n<p class=\"wp-block-paragraph\">Orientado: Prof. Dr. Fernando Ferreira de Morais<\/p>\n\n\n\n<p class=\"wp-block-paragraph\">Banca: Profa. Dra. ALUSKA DA SILVA MATIAS<\/p>\n\n\n\n<p class=\"wp-block-paragraph\">Profa. Dra. Saloana Santina Gomes Santos<\/p>\n\n\n\n<p class=\"wp-block-paragraph\">Data da apresenta\u00e7\u00e3o: 12 de agosto de 2026<\/p>\n\n\n\n<p class=\"wp-block-paragraph\">Hora: 14h<\/p>\n\n\n\n<p class=\"wp-block-paragraph\">Local: &nbsp;<\/p>\n\n\n\n<p class=\"wp-block-paragraph\"><\/p>\n\n\n\n<p class=\"wp-block-paragraph\"><strong>Autora: Bruna Queiroz Dantas<\/strong><\/p>\n\n\n\n<p class=\"wp-block-paragraph\">T\u00edtulo: DESAFIOS NA FORMA\u00c7\u00c3O INICIAL DE PROFESSORES DE CI\u00caNCIAS: CURR\u00cdCULO, CONHECIMENTOS ESPEC\u00cdFICOS E IMPERCEP\u00c7\u00c3O BOT\u00c2NICA<\/p>\n\n\n\n<p class=\"wp-block-paragraph\">Orientado: Prof. Dr. Frederico Rocha Rodrigues Alves<\/p>\n\n\n\n<p class=\"wp-block-paragraph\">Banca: Profa. Dra. Aluska da Silva Matias<\/p>\n\n\n\n<p class=\"wp-block-paragraph\">Profa. Dra. Juliana Lovo<\/p>\n\n\n\n<p class=\"wp-block-paragraph\">Data da apresenta\u00e7\u00e3o: 10 de agosto de 2026<\/p>\n\n\n\n<p class=\"wp-block-paragraph\">Hora: 16h<\/p>\n\n\n\n<p class=\"wp-block-paragraph\">Local: &nbsp;Audit\u00f3rio do DBM<\/p>\n\n\n\n<p class=\"wp-block-paragraph\"><\/p>\n\n\n\n<p class=\"wp-block-paragraph\"><strong>Autor: N\u00edcolas Trindade da Silva<\/strong><\/p>\n\n\n\n<p class=\"wp-block-paragraph\">T\u00edtulo: DIN\u00c2MICA DE INTERATIVIDADE DISCENTE-DOCENTE E O USO DE APARELHO CELULAR EM AULAS COM METODOLOGIAS ATIVAS NA DISCIPLINA DE FISIOLOGIA HUMANA DO CURSO DE LICENCIATURA EM CI\u00caNCIAS BIOL\u00d3GICAS DA UFPB<\/p>\n\n\n\n<p class=\"wp-block-paragraph\">Orientado: Profa. Dra. Fab\u00edola da Silva Albuquerque<\/p>\n\n\n\n<p class=\"wp-block-paragraph\">Banca: Profa. Dra. Aluska da Silva Matias<\/p>\n\n\n\n<p class=\"wp-block-paragraph\">Prof. Dr. Dieison Prestes da Silveira<\/p>\n\n\n\n<p class=\"wp-block-paragraph\">Data da apresenta\u00e7\u00e3o: 03 de agosto de 2026<\/p>\n\n\n\n<p class=\"wp-block-paragraph\">Hora: 10h30<\/p>\n\n\n\n<p class=\"wp-block-paragraph\">Local: &nbsp;Sala: 107 do DCB<\/p>\n\n\n\n<p class=\"wp-block-paragraph\"><\/p>\n\n\n\n<p class=\"wp-block-paragraph\"><strong>Autora: Bruna Queiroz Dantas<\/strong><\/p>\n\n\n\n<p class=\"wp-block-paragraph\">T\u00edtulo: DESAFIOS NA FORMA\u00c7\u00c3O INICIAL DE PROFESSORES DE CI\u00caNCIAS: CURR\u00cdCULO, CONHECIMENTOS ESPEC\u00cdFICOS E IMPERCEP\u00c7\u00c3O BOT\u00c2NICA<\/p>\n\n\n\n<p class=\"wp-block-paragraph\">Orientado: Prof. Dr. Frederico Rocha Rodrigues Alves<\/p>\n\n\n\n<p class=\"wp-block-paragraph\">Banca: Profa. Dra. Aluska da Silva Matias<\/p>\n\n\n\n<p class=\"wp-block-paragraph\">Profa. Dra. Juliana Lovo<\/p>\n\n\n\n<p class=\"wp-block-paragraph\">Data da apresenta\u00e7\u00e3o: 10 de agosto de 2026<\/p>\n\n\n\n<p class=\"wp-block-paragraph\">Hora: 16h<\/p>\n\n\n\n<p class=\"wp-block-paragraph\">Local: &nbsp;Audit\u00f3rio do DBM<\/p>\n\n\n\n<p class=\"wp-block-paragraph\"><\/p>\n\n\n\n<p class=\"wp-block-paragraph\"><strong>Autora: Roberta da Silva Nascimento<\/strong><\/p>\n\n\n\n<p class=\"wp-block-paragraph\">T\u00edtulo: Desafios na forma\u00e7\u00e3o docente: a participa\u00e7\u00e3o em laborat\u00f3rios de pesquisa pode melhorar o n\u00edvel da alfabetiza\u00e7\u00e3o cient\u00edfica dos licenciandos de ci\u00eancias biol\u00f3gicas?<\/p>\n\n\n\n<p class=\"wp-block-paragraph\">Orientado: Prof. Dr. Jeronymo Dalapicolla<\/p>\n\n\n\n<p class=\"wp-block-paragraph\">Banca: Prof. Dr. Dieison Prestes da Silveira<\/p>\n\n\n\n<p class=\"wp-block-paragraph\">Profa. Dra. Josenir Teixeira Camara<\/p>\n\n\n\n<p class=\"wp-block-paragraph\">Data da apresenta\u00e7\u00e3o: 12 de agosto de 2026<\/p>\n\n\n\n<p class=\"wp-block-paragraph\">Hora: 10h<\/p>\n\n\n\n<p class=\"wp-block-paragraph\">Local: &nbsp;LDZ<\/p>\n\n\n\n<p class=\"wp-block-paragraph\"><\/p>\n\n\n\n<p class=\"wp-block-paragraph\"><strong>Autora: Maria das Neves de Lima Araujo<\/strong><\/p>\n\n\n\n<p class=\"wp-block-paragraph\">T\u00edtulo: Crise clim\u00e1tica e Educa\u00e7\u00e3o Ambiental Cr\u00edtica: uma an\u00e1lise das produ\u00e7\u00f5es acad\u00eamicas da Plataforma Fracalanza de 1981-2023<\/p>\n\n\n\n<p class=\"wp-block-paragraph\">Orientado: Prof. Dr. Dieison Prestes da Silveira<\/p>\n\n\n\n<p class=\"wp-block-paragraph\">Banca: Prof. Dr. Marsilvio Gon\u00e7alves Pereira<\/p>\n\n\n\n<p class=\"wp-block-paragraph\">Dr. Hermes Machado Filho<\/p>\n\n\n\n<p class=\"wp-block-paragraph\">Data da apresenta\u00e7\u00e3o: 10 de agosto de 2026<\/p>\n\n\n\n<p class=\"wp-block-paragraph\">Hora: 09h<\/p>\n\n\n\n<p class=\"wp-block-paragraph\">Local: &nbsp;Sala de Reuni\u00f5es do CE<\/p>\n\n\n\n<p class=\"wp-block-paragraph\"><\/p>\n\n\n\n<p class=\"wp-block-paragraph\"><strong>Autora: Maria do Carmo de Lima Ara\u00fajo<\/strong><\/p>\n\n\n\n<p class=\"wp-block-paragraph\">T\u00edtulo: EDUCA\u00c7\u00c3O AMBIENTAL NOS CURR\u00cdCULOS ESCOLARES DA EDUCA\u00c7\u00c3O B\u00c1SICA: AN\u00c1LISE DAS PESQUISAS PUBLICADAS NO BANCO DE DADOS DA BIBLIOTECA DIGITAL DE TESES E DISSERTA\u00c7\u00d5ES BDTD (PER\u00cdODO 2021 &#8211; 2025)<\/p>\n\n\n\n<p class=\"wp-block-paragraph\">Orientado: Prof. Dr. Francisco Jos\u00e9 Pegado Ab\u00edlio<\/p>\n\n\n\n<p class=\"wp-block-paragraph\">Banca: Profa. Dra. ALUSKA DA SILVA MATIAS<\/p>\n\n\n\n<p class=\"wp-block-paragraph\">Profa Dra. Katucha Kamilla Marques Pereira<\/p>\n\n\n\n<p class=\"wp-block-paragraph\">Data da apresenta\u00e7\u00e3o: 13 de abril de 2026<\/p>\n\n\n\n<p class=\"wp-block-paragraph\">Hora: 10h<\/p>\n\n\n\n<p class=\"wp-block-paragraph\">Local: &nbsp;LABEC do CE<\/p>\n\n\n\n<p class=\"wp-block-paragraph\"><\/p>\n\n\n\n<p class=\"wp-block-paragraph\"><strong>Autor: Jos\u00e9 Vin\u00edcius Monteiro de Ara\u00fajo<\/strong><\/p>\n\n\n\n<p class=\"wp-block-paragraph\">T\u00edtulo: MUSEU DE PALEONTOLOGIA DA UFPB: DA EXPOSI\u00c7\u00c3O AO USO PEDAG\u00d3GICO<\/p>\n\n\n\n<p class=\"wp-block-paragraph\">Orientado: Prof.Dr. David Holanda de Oliveira<\/p>\n\n\n\n<p class=\"wp-block-paragraph\">Banca: Dra. Ma\u00edra de Oliveira Dias<\/p>\n\n\n\n<p class=\"wp-block-paragraph\">Dr Wilson Jos\u00e9 F\u00e9lix Xavier<\/p>\n\n\n\n<p class=\"wp-block-paragraph\">Data da apresenta\u00e7\u00e3o: 13 de abril de 2026<\/p>\n\n\n\n<p class=\"wp-block-paragraph\">Hora: 10h<\/p>\n\n\n\n<p class=\"wp-block-paragraph\">Local: &nbsp;Audit\u00f3rio do Departamento de Geoci\u00eancias<\/p>\n\n\n\n<p class=\"wp-block-paragraph\"><\/p>\n\n\n\n<p class=\"wp-block-paragraph\"><strong>Autor: Eduardo Vasconcelos Tavares Costa<\/strong><\/p>\n\n\n\n<p class=\"wp-block-paragraph\">T\u00edtulo: Cat\u00e1logo preliminar de mariposas-tigre (Lepidoptera, Erebidae, Arctiinae) da Floresta Atl\u00e2ntica ao norte do rio S\u00e3o Francisco.<\/p>\n\n\n\n<p class=\"wp-block-paragraph\">Orientador: Prof. Dr. Alessandre Pereira Colavite<\/p>\n\n\n\n<p class=\"wp-block-paragraph\">Banca: Profa. Dra. Josenir Teixeira C\u00e2mara<\/p>\n\n\n\n<p class=\"wp-block-paragraph\">Dr. Ant\u00f4nio Jos\u00e9 Cre\u00e3o Duarte<\/p>\n\n\n\n<p class=\"wp-block-paragraph\">Data da Apresenta\u00e7\u00e3o: 07 de agosto de 2026<\/p>\n\n\n\n<p class=\"wp-block-paragraph\">Hora: 14:00<\/p>\n\n\n\n<p class=\"wp-block-paragraph\">Local: Audit\u00f3rio do DBM\/CCEN\/UFPB<\/p>\n\n\n\n<p class=\"wp-block-paragraph\"><\/p>\n\n\n\n<p class=\"wp-block-paragraph\"><strong>Autor: M\u00c1RCIO WANDERSON VIEIRA MONTEIRO<\/strong><\/p>\n\n\n\n<p class=\"wp-block-paragraph\">T\u00edtulo: ANATOMIA COMPARADA DA ESTRUTURA ESQUEL\u00c9TICA DE GAVIALICEPS E CYNOPONTICUS (ANGUILLIFORMES: MURAENESOCIDAE)<\/p>\n\n\n\n<p class=\"wp-block-paragraph\">Orientador: Prof. Dr. Jo\u00e3o Paulo Capretz Batista da Silva<\/p>\n\n\n\n<p class=\"wp-block-paragraph\">Banca: Dr. Andr\u00e9 Luiz da Costa Castro<\/p>\n\n\n\n<p class=\"wp-block-paragraph\">Me. Jo\u00e3o Paulo Nunes de Andrade Pereira<\/p>\n\n\n\n<p class=\"wp-block-paragraph\">Data da Apresenta\u00e7\u00e3o: 14 de agosto de 2026<\/p>\n\n\n\n<p class=\"wp-block-paragraph\">Hora: 09:00<\/p>\n\n\n\n<p class=\"wp-block-paragraph\">Local: Sala 04 de DSE<\/p>\n","protected":false},"excerpt":{"rendered":"<p>Autora: Maria Luiza Cordeiro Casado T\u00edtulo: FILMES COMO INSTRUMENTOS PARA O ENSINO DE CI\u00caNCIAS E [&hellip;]<\/p>\n","protected":false},"author":596,"featured_media":0,"comment_status":"closed","ping_status":"","sticky":false,"template":"","format":"standard","meta":{"footnotes":""},"categories":[1],"tags":[],"class_list":["post-133","post","type-post","status-publish","format-standard","hentry","category-sem-categoria"],"_links":{"self":[{"href":"https:\/\/www.ccen.ufpb.br\/cccb\/wp-json\/wp\/v2\/posts\/133","targetHints":{"allow":["GET"]}}],"collection":[{"href":"https:\/\/www.ccen.ufpb.br\/cccb\/wp-json\/wp\/v2\/posts"}],"about":[{"href":"https:\/\/www.ccen.ufpb.br\/cccb\/wp-json\/wp\/v2\/types\/post"}],"author":[{"embeddable":true,"href":"https:\/\/www.ccen.ufpb.br\/cccb\/wp-json\/wp\/v2\/users\/596"}],"replies":[{"embeddable":true,"href":"https:\/\/www.ccen.ufpb.br\/cccb\/wp-json\/wp\/v2\/comments?post=133"}],"version-history":[{"count":3,"href":"https:\/\/www.ccen.ufpb.br\/cccb\/wp-json\/wp\/v2\/posts\/133\/revisions"}],"predecessor-version":[{"id":172,"href":"https:\/\/www.ccen.ufpb.br\/cccb\/wp-json\/wp\/v2\/posts\/133\/revisions\/172"}],"wp:attachment":[{"href":"https:\/\/www.ccen.ufpb.br\/cccb\/wp-json\/wp\/v2\/media?parent=133"}],"wp:term":[{"taxonomy":"category","embeddable":true,"href":"https:\/\/www.ccen.ufpb.br\/cccb\/wp-json\/wp\/v2\/categories?post=133"},{"taxonomy":"post_tag","embeddable":true,"href":"https:\/\/www.ccen.ufpb.br\/cccb\/wp-json\/wp\/v2\/tags?post=133"}],"curies":[{"name":"wp","href":"https:\/\/api.w.org\/{rel}","templated":true}]}}