{"id":1154,"date":"2022-02-02T08:17:39","date_gmt":"2022-02-02T11:17:39","guid":{"rendered":"http:\/\/www.ccen.ufpb.br\/museubiologia\/?p=1154"},"modified":"2022-02-02T08:34:07","modified_gmt":"2022-02-02T11:34:07","slug":"prof-dra-manoela-marinho-da-ufpb-lanca-guia-fotografico-para-observacao-de-aves","status":"publish","type":"post","link":"http:\/\/www.ccen.ufpb.br\/museubiologia\/2022\/02\/02\/prof-dra-manoela-marinho-da-ufpb-lanca-guia-fotografico-para-observacao-de-aves\/","title":{"rendered":"Prof. Dra. Manoela Marinho da UFPB lan\u00e7a guia fotogr\u00e1fico para observa\u00e7\u00e3o de Aves"},"content":{"rendered":"<p><span lang=\"pt-BR\">Passarinhar, observar as aves, aprender sobre elas. Esse \u00e9 o passatempo de um pai com sua filha. Durante cerca de cinco anos, a prof. Dra. Manoela Marinho, icti\u00f3loga da Universidade Federal da Para\u00edba, CCEN\/DSE, e seu pai, o farmac\u00eautico Sidenham Marinho, observaram e registraram dezenas de aves no munic\u00edpio de Auriflama, noroeste de S\u00e3o Paulo, cidade onde nasceu. Auriflama est\u00e1 localizada onde outrora se estendia a por\u00e7\u00e3o oeste da Mata Atl\u00e2ntica, um dos biomas mais amea\u00e7ados do planeta. Hoje, h\u00e1 muito pouco da mata original na regi\u00e3o, mas, ainda assim, muitas aves resistem e podem ser observadas e admiradas por todo o seu territ\u00f3rio. <\/span><\/p>\n<p><img loading=\"lazy\" class=\" wp-image-1161 aligncenter\" src=\"http:\/\/www.ccen.ufpb.br\/museubiologia\/wp-content\/uploads\/2022\/02\/aves-186x300.png\" alt=\"\" width=\"222\" height=\"358\" srcset=\"http:\/\/www.ccen.ufpb.br\/museubiologia\/wp-content\/uploads\/2022\/02\/aves-186x300.png 186w, http:\/\/www.ccen.ufpb.br\/museubiologia\/wp-content\/uploads\/2022\/02\/aves.png 391w\" sizes=\"(max-width: 222px) 100vw, 222px\" \/><\/p>\n<p><span lang=\"pt-BR\">O e-book \u201cAves de Auriflama: guia fotogr\u00e1fico\u201d reuniu e sistematizou registros de mais de 130 esp\u00e9cies de aves que atestam a diversidade de aves que o munic\u00edpio abriga. Todas as esp\u00e9cies foram fotografadas, classificadas de acordo com a ordem taxon\u00f4mica, por fam\u00edlia, g\u00eanero e esp\u00e9cie. No guia, s\u00e3o fornecidas informa\u00e7\u00f5es acerca do nome popular de cada esp\u00e9cie e dados biol\u00f3gicos, como tipo de alimenta\u00e7\u00e3o, habitat e per\u00edodo de atividade. H\u00e1 tamb\u00e9m informa\u00e7\u00f5es para aqueles que desejam iniciar a pr\u00e1tica de passarinhar, ou o conhecido <\/span><span lang=\"pt-BR\"><i>birdwatching.<\/i><\/span><span lang=\"pt-BR\"> \u201cNosso desejo \u00e9 documentar a diversidade de aves de Auriflama, que pode ser entendida como uma amostra da diversidade encontrada no noroeste do estado, mas, principalmente, incentivar a todos que tenham interesse em aprender mais sobre estes animais t\u00e3o inspiradores!\u201d. <\/span><\/p>\n<p><span lang=\"pt-BR\">O e-book pode ser adquirido gratuitamente aqui no site do Museu de Biodiversidade da UFPB acessando o Reposit\u00f3rio e clicando na aba &#8220;Aves de Auriflama &#8211; Guia Fotogr\u00e1fico&#8221;, ou atrav\u00e9s do link: <a href=\"http:\/\/www.ccen.ufpb.br\/museubiologia\/mdocs-posts\/aves-de-auriflama-guia-fotografico\/\" target=\"_blank\" rel=\"noopener noreferrer\">http:\/\/www.ccen.ufpb.br\/museubiologia\/mdocs-posts\/aves-de-auriflama-guia-fotografico\/. <\/a><\/span><\/p>\n","protected":false},"excerpt":{"rendered":"<p>Passarinhar, observar as aves, aprender sobre elas. Esse \u00e9 o passatempo de um pai com sua filha. Durante cerca de cinco anos, a prof. Dra. Manoela Marinho, icti\u00f3loga da Universidade Federal da Para\u00edba, CCEN\/DSE, e seu pai, o farmac\u00eautico Sidenham Marinho, observaram e registraram dezenas de aves no munic\u00edpio de Auriflama, noroeste de S\u00e3o Paulo, [&hellip;]<\/p>\n","protected":false},"author":2,"featured_media":1156,"comment_status":"open","ping_status":"open","sticky":false,"template":"","format":"standard","meta":[],"categories":[16],"tags":[],"yoast_head":"<!-- This site is optimized with the Yoast SEO plugin v15.1.1 - https:\/\/yoast.com\/wordpress\/plugins\/seo\/ -->\n<title>Prof. Dra. Manoela Marinho da UFPB lan\u00e7a guia fotogr\u00e1fico para observa\u00e7\u00e3o de Aves - Museu de Biodiversidade<\/title>\n<meta name=\"robots\" content=\"index, follow, max-snippet:-1, max-image-preview:large, max-video-preview:-1\" \/>\n<link rel=\"canonical\" href=\"http:\/\/www.ccen.ufpb.br\/museubiologia\/2022\/02\/02\/prof-dra-manoela-marinho-da-ufpb-lanca-guia-fotografico-para-observacao-de-aves\/\" \/>\n<meta property=\"og:locale\" content=\"pt_BR\" \/>\n<meta property=\"og:type\" content=\"article\" \/>\n<meta property=\"og:title\" content=\"Prof. Dra. Manoela Marinho da UFPB lan\u00e7a guia fotogr\u00e1fico para observa\u00e7\u00e3o de Aves - Museu de Biodiversidade\" \/>\n<meta property=\"og:description\" content=\"Passarinhar, observar as aves, aprender sobre elas. Esse \u00e9 o passatempo de um pai com sua filha. Durante cerca de cinco anos, a prof. Dra. Manoela Marinho, icti\u00f3loga da Universidade Federal da Para\u00edba, CCEN\/DSE, e seu pai, o farmac\u00eautico Sidenham Marinho, observaram e registraram dezenas de aves no munic\u00edpio de Auriflama, noroeste de S\u00e3o Paulo, [&hellip;]\" \/>\n<meta property=\"og:url\" content=\"http:\/\/www.ccen.ufpb.br\/museubiologia\/2022\/02\/02\/prof-dra-manoela-marinho-da-ufpb-lanca-guia-fotografico-para-observacao-de-aves\/\" \/>\n<meta property=\"og:site_name\" content=\"Museu de Biodiversidade\" \/>\n<meta property=\"article:published_time\" content=\"2022-02-02T11:17:39+00:00\" \/>\n<meta property=\"article:modified_time\" content=\"2022-02-02T11:34:07+00:00\" \/>\n<meta property=\"og:image\" content=\"http:\/\/www.ccen.ufpb.br\/museubiologia\/wp-content\/uploads\/2022\/02\/aves_auriflama-e1643800842720.png\" \/>\n\t<meta property=\"og:image:width\" content=\"611\" \/>\n\t<meta property=\"og:image:height\" content=\"461\" \/>\n<meta name=\"twitter:card\" content=\"summary_large_image\" \/>\n<script type=\"application\/ld+json\" class=\"yoast-schema-graph\">{\"@context\":\"https:\/\/schema.org\",\"@graph\":[{\"@type\":\"Organization\",\"@id\":\"http:\/\/www.ccen.ufpb.br\/museubiologia\/#organization\",\"name\":\"Museu de Biologia\",\"url\":\"http:\/\/www.ccen.ufpb.br\/museubiologia\/\",\"sameAs\":[],\"logo\":{\"@type\":\"ImageObject\",\"@id\":\"http:\/\/www.ccen.ufpb.br\/museubiologia\/#logo\",\"inLanguage\":\"pt-BR\",\"url\":\"http:\/\/www.ccen.ufpb.br\/museubiologia\/wp-content\/uploads\/2020\/10\/museum.png\",\"width\":189,\"height\":168,\"caption\":\"Museu de Biologia\"},\"image\":{\"@id\":\"http:\/\/www.ccen.ufpb.br\/museubiologia\/#logo\"}},{\"@type\":\"WebSite\",\"@id\":\"http:\/\/www.ccen.ufpb.br\/museubiologia\/#website\",\"url\":\"http:\/\/www.ccen.ufpb.br\/museubiologia\/\",\"name\":\"Museu de Biodiversidade\",\"description\":\"\",\"publisher\":{\"@id\":\"http:\/\/www.ccen.ufpb.br\/museubiologia\/#organization\"},\"potentialAction\":[{\"@type\":\"SearchAction\",\"target\":\"http:\/\/www.ccen.ufpb.br\/museubiologia\/?s={search_term_string}\",\"query-input\":\"required name=search_term_string\"}],\"inLanguage\":\"pt-BR\"},{\"@type\":\"ImageObject\",\"@id\":\"http:\/\/www.ccen.ufpb.br\/museubiologia\/2022\/02\/02\/prof-dra-manoela-marinho-da-ufpb-lanca-guia-fotografico-para-observacao-de-aves\/#primaryimage\",\"inLanguage\":\"pt-BR\",\"url\":\"http:\/\/www.ccen.ufpb.br\/museubiologia\/wp-content\/uploads\/2022\/02\/aves_auriflama-e1643800842720.png\",\"width\":611,\"height\":461},{\"@type\":\"WebPage\",\"@id\":\"http:\/\/www.ccen.ufpb.br\/museubiologia\/2022\/02\/02\/prof-dra-manoela-marinho-da-ufpb-lanca-guia-fotografico-para-observacao-de-aves\/#webpage\",\"url\":\"http:\/\/www.ccen.ufpb.br\/museubiologia\/2022\/02\/02\/prof-dra-manoela-marinho-da-ufpb-lanca-guia-fotografico-para-observacao-de-aves\/\",\"name\":\"Prof. Dra. Manoela Marinho da UFPB lan\\u00e7a guia fotogr\\u00e1fico para observa\\u00e7\\u00e3o de Aves - Museu de Biodiversidade\",\"isPartOf\":{\"@id\":\"http:\/\/www.ccen.ufpb.br\/museubiologia\/#website\"},\"primaryImageOfPage\":{\"@id\":\"http:\/\/www.ccen.ufpb.br\/museubiologia\/2022\/02\/02\/prof-dra-manoela-marinho-da-ufpb-lanca-guia-fotografico-para-observacao-de-aves\/#primaryimage\"},\"datePublished\":\"2022-02-02T11:17:39+00:00\",\"dateModified\":\"2022-02-02T11:34:07+00:00\",\"breadcrumb\":{\"@id\":\"http:\/\/www.ccen.ufpb.br\/museubiologia\/2022\/02\/02\/prof-dra-manoela-marinho-da-ufpb-lanca-guia-fotografico-para-observacao-de-aves\/#breadcrumb\"},\"inLanguage\":\"pt-BR\",\"potentialAction\":[{\"@type\":\"ReadAction\",\"target\":[\"http:\/\/www.ccen.ufpb.br\/museubiologia\/2022\/02\/02\/prof-dra-manoela-marinho-da-ufpb-lanca-guia-fotografico-para-observacao-de-aves\/\"]}]},{\"@type\":\"BreadcrumbList\",\"@id\":\"http:\/\/www.ccen.ufpb.br\/museubiologia\/2022\/02\/02\/prof-dra-manoela-marinho-da-ufpb-lanca-guia-fotografico-para-observacao-de-aves\/#breadcrumb\",\"itemListElement\":[{\"@type\":\"ListItem\",\"position\":1,\"item\":{\"@type\":\"WebPage\",\"@id\":\"http:\/\/www.ccen.ufpb.br\/museubiologia\/\",\"url\":\"http:\/\/www.ccen.ufpb.br\/museubiologia\/\",\"name\":\"In\\u00edcio\"}},{\"@type\":\"ListItem\",\"position\":2,\"item\":{\"@type\":\"WebPage\",\"@id\":\"http:\/\/www.ccen.ufpb.br\/museubiologia\/2022\/02\/02\/prof-dra-manoela-marinho-da-ufpb-lanca-guia-fotografico-para-observacao-de-aves\/\",\"url\":\"http:\/\/www.ccen.ufpb.br\/museubiologia\/2022\/02\/02\/prof-dra-manoela-marinho-da-ufpb-lanca-guia-fotografico-para-observacao-de-aves\/\",\"name\":\"Prof. Dra. Manoela Marinho da UFPB lan\\u00e7a guia fotogr\\u00e1fico para observa\\u00e7\\u00e3o de Aves\"}}]},{\"@type\":\"Article\",\"@id\":\"http:\/\/www.ccen.ufpb.br\/museubiologia\/2022\/02\/02\/prof-dra-manoela-marinho-da-ufpb-lanca-guia-fotografico-para-observacao-de-aves\/#article\",\"isPartOf\":{\"@id\":\"http:\/\/www.ccen.ufpb.br\/museubiologia\/2022\/02\/02\/prof-dra-manoela-marinho-da-ufpb-lanca-guia-fotografico-para-observacao-de-aves\/#webpage\"},\"author\":{\"@id\":\"http:\/\/www.ccen.ufpb.br\/museubiologia\/#\/schema\/person\/484f82d0344c243721c9d4b9bd1a8be8\"},\"headline\":\"Prof. Dra. Manoela Marinho da UFPB lan\\u00e7a guia fotogr\\u00e1fico para observa\\u00e7\\u00e3o de Aves\",\"datePublished\":\"2022-02-02T11:17:39+00:00\",\"dateModified\":\"2022-02-02T11:34:07+00:00\",\"mainEntityOfPage\":{\"@id\":\"http:\/\/www.ccen.ufpb.br\/museubiologia\/2022\/02\/02\/prof-dra-manoela-marinho-da-ufpb-lanca-guia-fotografico-para-observacao-de-aves\/#webpage\"},\"commentCount\":0,\"publisher\":{\"@id\":\"http:\/\/www.ccen.ufpb.br\/museubiologia\/#organization\"},\"image\":{\"@id\":\"http:\/\/www.ccen.ufpb.br\/museubiologia\/2022\/02\/02\/prof-dra-manoela-marinho-da-ufpb-lanca-guia-fotografico-para-observacao-de-aves\/#primaryimage\"},\"articleSection\":\"Natureza\",\"inLanguage\":\"pt-BR\",\"potentialAction\":[{\"@type\":\"CommentAction\",\"name\":\"Comment\",\"target\":[\"http:\/\/www.ccen.ufpb.br\/museubiologia\/2022\/02\/02\/prof-dra-manoela-marinho-da-ufpb-lanca-guia-fotografico-para-observacao-de-aves\/#respond\"]}]},{\"@type\":\"Person\",\"@id\":\"http:\/\/www.ccen.ufpb.br\/museubiologia\/#\/schema\/person\/484f82d0344c243721c9d4b9bd1a8be8\",\"name\":\"editor\",\"image\":{\"@type\":\"ImageObject\",\"@id\":\"http:\/\/www.ccen.ufpb.br\/museubiologia\/#personlogo\",\"inLanguage\":\"pt-BR\",\"url\":\"http:\/\/1.gravatar.com\/avatar\/4c2a0948126bde40df4c025e271ad72b?s=96&d=mm&r=g\",\"caption\":\"editor\"}}]}<\/script>\n<!-- \/ Yoast SEO plugin. -->","_links":{"self":[{"href":"http:\/\/www.ccen.ufpb.br\/museubiologia\/wp-json\/wp\/v2\/posts\/1154"}],"collection":[{"href":"http:\/\/www.ccen.ufpb.br\/museubiologia\/wp-json\/wp\/v2\/posts"}],"about":[{"href":"http:\/\/www.ccen.ufpb.br\/museubiologia\/wp-json\/wp\/v2\/types\/post"}],"author":[{"embeddable":true,"href":"http:\/\/www.ccen.ufpb.br\/museubiologia\/wp-json\/wp\/v2\/users\/2"}],"replies":[{"embeddable":true,"href":"http:\/\/www.ccen.ufpb.br\/museubiologia\/wp-json\/wp\/v2\/comments?post=1154"}],"version-history":[{"count":4,"href":"http:\/\/www.ccen.ufpb.br\/museubiologia\/wp-json\/wp\/v2\/posts\/1154\/revisions"}],"predecessor-version":[{"id":1162,"href":"http:\/\/www.ccen.ufpb.br\/museubiologia\/wp-json\/wp\/v2\/posts\/1154\/revisions\/1162"}],"wp:featuredmedia":[{"embeddable":true,"href":"http:\/\/www.ccen.ufpb.br\/museubiologia\/wp-json\/wp\/v2\/media\/1156"}],"wp:attachment":[{"href":"http:\/\/www.ccen.ufpb.br\/museubiologia\/wp-json\/wp\/v2\/media?parent=1154"}],"wp:term":[{"taxonomy":"category","embeddable":true,"href":"http:\/\/www.ccen.ufpb.br\/museubiologia\/wp-json\/wp\/v2\/categories?post=1154"},{"taxonomy":"post_tag","embeddable":true,"href":"http:\/\/www.ccen.ufpb.br\/museubiologia\/wp-json\/wp\/v2\/tags?post=1154"}],"curies":[{"name":"wp","href":"https:\/\/api.w.org\/{rel}","templated":true}]}}